{"id":1169,"date":"2021-06-04T15:25:26","date_gmt":"2021-06-04T13:25:26","guid":{"rendered":"http:\/\/biodiversite-amazonienne.org\/?p=1169"},"modified":"2021-06-04T15:25:27","modified_gmt":"2021-06-04T13:25:27","slug":"julio-2020","status":"publish","type":"post","link":"https:\/\/biodiversite-amazonienne.org\/index.php\/es\/2021\/06\/04\/julio-2020\/","title":{"rendered":"Julio 2020"},"content":{"rendered":"\n<p><strong>La uni\u00f3n hace la fuerza: el CCYM se une a la AMPA<\/strong><\/p>\n\n\n\n<p>Este mes, el proyecto se uni\u00f3 a una red de Concesiones de Conservaci\u00f3n nacionales. La asociaci\u00f3n AMPA, que federa muchas iniciativas privadas de conservaci\u00f3n en Per\u00fa, facilit\u00f3 la integraci\u00f3n del CC Yanayacu Maquia en la red activa en la regi\u00f3n de San Mart\u00edn. Fue una excelente manera de aprender juntos e intercambiar sobre sus respectivas iniciativas.<\/p>\n\n\n\n<p>Reci\u00e9n inaugurada, la asociaci\u00f3n ya ha dado sus frutos y Lotty ya ha podido asistir a su primera formaci\u00f3n colectiva sobre las herramientas de vigilancia digital por sat\u00e9lite. Fue el MPAA el que imparti\u00f3 la formaci\u00f3n y permiti\u00f3 as\u00ed a toda la red utilizar la plataforma Global Forest Watch, una herramienta muy potente que vigila y avisa en tiempo real de posibles actividades de degradaci\u00f3n forestal.<\/p>\n\n\n\n<div class=\"wp-block-image\"><figure class=\"aligncenter\"><img loading=\"lazy\" width=\"210\" height=\"162\" src=\"http:\/\/biodiversite-amazonienne.org\/wp-content\/uploads\/2020\/08\/Ampa.jpg\" alt=\"\" class=\"wp-image-768\"\/><\/figure><\/div>\n\n\n\n<p>En el futuro, esperamos poder desarrollar conjuntamente alternativas econ\u00f3micas sostenibles vinculadas a los recursos no madereros de la concesi\u00f3n. Este es un paso clave para la sostenibilidad del proyecto.<\/p>\n\n\n\n<p>M\u00e1s informaci\u00f3n sobre el AMPA y el evento que tuvo lugar aqu\u00ed (s\u00f3lo en espa\u00f1ol) >\u00a0<a href=\"http:\/\/ampaperu.info\/tecnologias-frente-a-la-deforestacion-en-tiempos-de-pandemia-capacitacion-virtual-con-la-red-de-conservacion-de-san-martin\/\">http:\/\/ampaperu.info\/tecnologias-frente-a-la-deforestacion-en-tiempos-de-pandemia-capacitacion-virtual-con-la-red-de-conservacion-de-san-martin\/<\/a><\/p>\n\n\n\n<figure class=\"wp-block-gallery columns-0 is-cropped\"><ul class=\"blocks-gallery-grid\"><\/ul><\/figure>\n","protected":false},"excerpt":{"rendered":"<p>La uni\u00f3n hace la fuerza: el CCYM se une a la AMPA Este mes, el proyecto se uni\u00f3 a una red de Concesiones de Conservaci\u00f3n nacionales. La asociaci\u00f3n AMPA, que federa muchas iniciativas privadas de conservaci\u00f3n en Per\u00fa, facilit\u00f3 la integraci\u00f3n del CC Yanayacu Maquia en la red activa en la regi\u00f3n de San Mart\u00edn. &hellip; <\/p>\n<p class=\"link-more\"><a href=\"https:\/\/biodiversite-amazonienne.org\/index.php\/es\/2021\/06\/04\/julio-2020\/\" class=\"more-link\">Continuer la lecture<span class=\"screen-reader-text\"> de &laquo;&nbsp;Julio 2020&nbsp;&raquo;<\/span><\/a><\/p>\n","protected":false},"author":1,"featured_media":0,"comment_status":"open","ping_status":"open","sticky":false,"template":"","format":"gallery","meta":[],"categories":[21],"tags":[],"_links":{"self":[{"href":"https:\/\/biodiversite-amazonienne.org\/index.php\/wp-json\/wp\/v2\/posts\/1169"}],"collection":[{"href":"https:\/\/biodiversite-amazonienne.org\/index.php\/wp-json\/wp\/v2\/posts"}],"about":[{"href":"https:\/\/biodiversite-amazonienne.org\/index.php\/wp-json\/wp\/v2\/types\/post"}],"author":[{"embeddable":true,"href":"https:\/\/biodiversite-amazonienne.org\/index.php\/wp-json\/wp\/v2\/users\/1"}],"replies":[{"embeddable":true,"href":"https:\/\/biodiversite-amazonienne.org\/index.php\/wp-json\/wp\/v2\/comments?post=1169"}],"version-history":[{"count":1,"href":"https:\/\/biodiversite-amazonienne.org\/index.php\/wp-json\/wp\/v2\/posts\/1169\/revisions"}],"predecessor-version":[{"id":1170,"href":"https:\/\/biodiversite-amazonienne.org\/index.php\/wp-json\/wp\/v2\/posts\/1169\/revisions\/1170"}],"wp:attachment":[{"href":"https:\/\/biodiversite-amazonienne.org\/index.php\/wp-json\/wp\/v2\/media?parent=1169"}],"wp:term":[{"taxonomy":"category","embeddable":true,"href":"https:\/\/biodiversite-amazonienne.org\/index.php\/wp-json\/wp\/v2\/categories?post=1169"},{"taxonomy":"post_tag","embeddable":true,"href":"https:\/\/biodiversite-amazonienne.org\/index.php\/wp-json\/wp\/v2\/tags?post=1169"}],"curies":[{"name":"wp","href":"https:\/\/api.w.org\/{rel}","templated":true}]}}