{"id":1172,"date":"2021-06-04T15:28:27","date_gmt":"2021-06-04T13:28:27","guid":{"rendered":"http:\/\/biodiversite-amazonienne.org\/?p=1172"},"modified":"2021-06-04T15:28:28","modified_gmt":"2021-06-04T13:28:28","slug":"agosto-2020","status":"publish","type":"post","link":"https:\/\/biodiversite-amazonienne.org\/index.php\/es\/2021\/06\/04\/agosto-2020\/","title":{"rendered":"Agosto 2020"},"content":{"rendered":"\n<p><strong>\u00a1Al rescate de las tortugas de Taricaya!<\/strong><\/p>\n\n\n\n<p>Para las tortugas taricaya (<em>Podocnemis unifilis<\/em>), agosto es el momento en que ponen sus huevos. Es una \u00e9poca muy esperada por las comunidades que las recogen para el autoconsumo o la venta\u2026 a veces de forma excesiva. Desde hace varios a\u00f1os se observa un descenso de las poblaciones, un mensaje bastante claro para los guardas del parque de la concesi\u00f3n que han desplegado este a\u00f1o 3 playas artificiales para acoger una docena de nidos. Esperamos con impaciencia la eclosi\u00f3n de estas 400 peque\u00f1as aves protegidas para liberarlas exactamente en su lugar de anidaci\u00f3n original. Para completar esta iniciativa, los guardas del parque participan en la concienciaci\u00f3n de los residentes locales y de las escuelas para fomentar un cambio sostenible de las pr\u00e1cticas.<\/p>\n\n\n\n<div class=\"wp-block-image\"><figure class=\"aligncenter\"><img loading=\"lazy\" width=\"300\" height=\"208\" src=\"http:\/\/biodiversite-amazonienne.org\/wp-content\/uploads\/2020\/09\/Taricaya-ccym-300x208.jpg\" alt=\"\" class=\"wp-image-773\" srcset=\"https:\/\/biodiversite-amazonienne.org\/wp-content\/uploads\/2020\/09\/Taricaya-ccym-300x208.jpg 300w, https:\/\/biodiversite-amazonienne.org\/wp-content\/uploads\/2020\/09\/Taricaya-ccym.jpg 542w\" sizes=\"(max-width: 300px) 100vw, 300px\" \/><\/figure><\/div>\n\n\n\n<div class=\"wp-block-image\"><figure class=\"aligncenter\"><img loading=\"lazy\" width=\"300\" height=\"199\" src=\"http:\/\/biodiversite-amazonienne.org\/wp-content\/uploads\/2020\/09\/taricaya-300x199.jpg\" alt=\"\" class=\"wp-image-772\" srcset=\"https:\/\/biodiversite-amazonienne.org\/wp-content\/uploads\/2020\/09\/taricaya-300x199.jpg 300w, https:\/\/biodiversite-amazonienne.org\/wp-content\/uploads\/2020\/09\/taricaya.jpg 528w\" sizes=\"(max-width: 300px) 100vw, 300px\" \/><\/figure><\/div>\n\n\n\n<p>An\u00e9cdota sobre el terreno<\/p>\n\n\n\n<p><em>\u00ab\u00a0Eran como las 5 de la tarde, Iv\u00e1n estaba sentado en el cerro, a unos metros de la garita (Yanayacu) mirando el r\u00edo y vio pasar a alguien en una lancha que seguramente iba a Juancito. Se saludaron y de repente vio que la persona par\u00f3 su motor y prepar\u00f3 su arma, el guardabosques le pregunt\u00f3: \u00ab\u00a0\u00bfqu\u00e9 est\u00e1s haciendo? La persona le dice que hay un tigre a unos 30 metros de Iv\u00e1n, se supone que el tigre iba a beber agua pero Iv\u00e1n no pudo verlo, volvi\u00f3 a adentrarse en el bosque antes de ser abatido. El barquero se sorprendi\u00f3 al ver que Iv\u00e1n no corr\u00eda a esconderse y le dijo: \u00ab\u00a0\u00bfNo tienes miedo, no lo matas? \u00ab\u00a0A lo que el guardabosques respondi\u00f3: \u00ab\u00a0Aqu\u00ed protegemos a los tigres\u00a0\u00bb<\/em>. Extracto del diario de Lotty Morey<\/p>\n\n\n\n<figure class=\"wp-block-gallery columns-0 is-cropped\"><ul class=\"blocks-gallery-grid\"><\/ul><\/figure>\n","protected":false},"excerpt":{"rendered":"<p>\u00a1Al rescate de las tortugas de Taricaya! Para las tortugas taricaya (Podocnemis unifilis), agosto es el momento en que ponen sus huevos. Es una \u00e9poca muy esperada por las comunidades que las recogen para el autoconsumo o la venta\u2026 a veces de forma excesiva. Desde hace varios a\u00f1os se observa un descenso de las poblaciones, &hellip; <\/p>\n<p class=\"link-more\"><a href=\"https:\/\/biodiversite-amazonienne.org\/index.php\/es\/2021\/06\/04\/agosto-2020\/\" class=\"more-link\">Continuer la lecture<span class=\"screen-reader-text\"> de &laquo;&nbsp;Agosto 2020&nbsp;&raquo;<\/span><\/a><\/p>\n","protected":false},"author":1,"featured_media":0,"comment_status":"open","ping_status":"open","sticky":false,"template":"","format":"gallery","meta":[],"categories":[21],"tags":[],"_links":{"self":[{"href":"https:\/\/biodiversite-amazonienne.org\/index.php\/wp-json\/wp\/v2\/posts\/1172"}],"collection":[{"href":"https:\/\/biodiversite-amazonienne.org\/index.php\/wp-json\/wp\/v2\/posts"}],"about":[{"href":"https:\/\/biodiversite-amazonienne.org\/index.php\/wp-json\/wp\/v2\/types\/post"}],"author":[{"embeddable":true,"href":"https:\/\/biodiversite-amazonienne.org\/index.php\/wp-json\/wp\/v2\/users\/1"}],"replies":[{"embeddable":true,"href":"https:\/\/biodiversite-amazonienne.org\/index.php\/wp-json\/wp\/v2\/comments?post=1172"}],"version-history":[{"count":1,"href":"https:\/\/biodiversite-amazonienne.org\/index.php\/wp-json\/wp\/v2\/posts\/1172\/revisions"}],"predecessor-version":[{"id":1173,"href":"https:\/\/biodiversite-amazonienne.org\/index.php\/wp-json\/wp\/v2\/posts\/1172\/revisions\/1173"}],"wp:attachment":[{"href":"https:\/\/biodiversite-amazonienne.org\/index.php\/wp-json\/wp\/v2\/media?parent=1172"}],"wp:term":[{"taxonomy":"category","embeddable":true,"href":"https:\/\/biodiversite-amazonienne.org\/index.php\/wp-json\/wp\/v2\/categories?post=1172"},{"taxonomy":"post_tag","embeddable":true,"href":"https:\/\/biodiversite-amazonienne.org\/index.php\/wp-json\/wp\/v2\/tags?post=1172"}],"curies":[{"name":"wp","href":"https:\/\/api.w.org\/{rel}","templated":true}]}}