{"id":1190,"date":"2021-06-08T11:25:16","date_gmt":"2021-06-08T09:25:16","guid":{"rendered":"http:\/\/biodiversite-amazonienne.org\/?p=1190"},"modified":"2021-06-08T11:25:46","modified_gmt":"2021-06-08T09:25:46","slug":"mayo-2021-2","status":"publish","type":"post","link":"https:\/\/biodiversite-amazonienne.org\/index.php\/es\/2021\/06\/08\/mayo-2021-2\/","title":{"rendered":"Mayo 2021"},"content":{"rendered":"\n<p><strong>\u00a1\u00c9xito en la difusi\u00f3n de las comunidades de la concesi\u00f3n !<\/strong><\/p>\n\n\n\n<p>Este mes, Charlene, Lotty y Steffanny (ingeniera forestal de Envol Vert) se desplazaron a la Concesi\u00f3n de Conservaci\u00f3n para realizar talleres de sensibilizaci\u00f3n entre las distintas comunidades de la zona. Los talleres se centraron en la situaci\u00f3n e importancia de la Concesi\u00f3n de Conservaci\u00f3n Yanayacu Maquia y los servicios que presta al medio ambiente y la biodiversidad.<\/p>\n\n\n\n<div class=\"wp-block-image\"><figure class=\"alignleft\"><img loading=\"lazy\" width=\"300\" height=\"200\" src=\"http:\/\/biodiversite-amazonienne.org\/wp-content\/uploads\/2021\/05\/IMG_6287-300x200.jpg\" alt=\"\" class=\"wp-image-1006\" srcset=\"https:\/\/biodiversite-amazonienne.org\/wp-content\/uploads\/2021\/05\/IMG_6287-300x200.jpg 300w, https:\/\/biodiversite-amazonienne.org\/wp-content\/uploads\/2021\/05\/IMG_6287-768x512.jpg 768w, https:\/\/biodiversite-amazonienne.org\/wp-content\/uploads\/2021\/05\/IMG_6287-1024x683.jpg 1024w\" sizes=\"(max-width: 300px) 100vw, 300px\" \/><\/figure><\/div>\n\n\n\n<p>Aunque los \u00edndices de participaci\u00f3n variaron de una comunidad a otra, en general los talleres fueron un \u00e9xito. La gente parec\u00eda interesada e involucrada en el proyecto. Los ni\u00f1os y las mujeres, en particular, se pusieron a disposici\u00f3n de estas sesiones colectivas.<\/p>\n\n\n\n<p>Adem\u00e1s, pudimos presentar los pr\u00f3ximos proyectos de agroforester\u00eda y diversificaci\u00f3n de cultivos que Biodiversit\u00e9 Amazonienne y Envol Vert pretenden llevar a cabo. Los proyectos parec\u00edan tener una buena acogida, y los habitantes estaban motivados para participar en las actividades de formaci\u00f3n y sensibilizaci\u00f3n.<\/p>\n\n\n\n<p>Si Lotty y Charlene tuvieran que abandonar la concesi\u00f3n al cabo de unos d\u00edas, Steffanny se quedar\u00e1 en el lugar para continuar con el diagn\u00f3stico socioecon\u00f3mico y agr\u00edcola de la zona, al tiempo que realiza actividades de sensibilizaci\u00f3n.<\/p>\n\n\n\n<figure class=\"wp-block-gallery columns-0 is-cropped\"><ul class=\"blocks-gallery-grid\"><\/ul><\/figure>\n","protected":false},"excerpt":{"rendered":"<p>\u00a1\u00c9xito en la difusi\u00f3n de las comunidades de la concesi\u00f3n ! Este mes, Charlene, Lotty y Steffanny (ingeniera forestal de Envol Vert) se desplazaron a la Concesi\u00f3n de Conservaci\u00f3n para realizar talleres de sensibilizaci\u00f3n entre las distintas comunidades de la zona. Los talleres se centraron en la situaci\u00f3n e importancia de la Concesi\u00f3n de Conservaci\u00f3n &hellip; <\/p>\n<p class=\"link-more\"><a href=\"https:\/\/biodiversite-amazonienne.org\/index.php\/es\/2021\/06\/08\/mayo-2021-2\/\" class=\"more-link\">Continuer la lecture<span class=\"screen-reader-text\"> de &laquo;&nbsp;Mayo 2021&nbsp;&raquo;<\/span><\/a><\/p>\n","protected":false},"author":1,"featured_media":0,"comment_status":"open","ping_status":"open","sticky":false,"template":"","format":"gallery","meta":[],"categories":[21],"tags":[],"_links":{"self":[{"href":"https:\/\/biodiversite-amazonienne.org\/index.php\/wp-json\/wp\/v2\/posts\/1190"}],"collection":[{"href":"https:\/\/biodiversite-amazonienne.org\/index.php\/wp-json\/wp\/v2\/posts"}],"about":[{"href":"https:\/\/biodiversite-amazonienne.org\/index.php\/wp-json\/wp\/v2\/types\/post"}],"author":[{"embeddable":true,"href":"https:\/\/biodiversite-amazonienne.org\/index.php\/wp-json\/wp\/v2\/users\/1"}],"replies":[{"embeddable":true,"href":"https:\/\/biodiversite-amazonienne.org\/index.php\/wp-json\/wp\/v2\/comments?post=1190"}],"version-history":[{"count":2,"href":"https:\/\/biodiversite-amazonienne.org\/index.php\/wp-json\/wp\/v2\/posts\/1190\/revisions"}],"predecessor-version":[{"id":1193,"href":"https:\/\/biodiversite-amazonienne.org\/index.php\/wp-json\/wp\/v2\/posts\/1190\/revisions\/1193"}],"wp:attachment":[{"href":"https:\/\/biodiversite-amazonienne.org\/index.php\/wp-json\/wp\/v2\/media?parent=1190"}],"wp:term":[{"taxonomy":"category","embeddable":true,"href":"https:\/\/biodiversite-amazonienne.org\/index.php\/wp-json\/wp\/v2\/categories?post=1190"},{"taxonomy":"post_tag","embeddable":true,"href":"https:\/\/biodiversite-amazonienne.org\/index.php\/wp-json\/wp\/v2\/tags?post=1190"}],"curies":[{"name":"wp","href":"https:\/\/api.w.org\/{rel}","templated":true}]}}