{"id":1201,"date":"2021-06-08T11:37:37","date_gmt":"2021-06-08T09:37:37","guid":{"rendered":"http:\/\/biodiversite-amazonienne.org\/?p=1201"},"modified":"2021-06-08T11:38:05","modified_gmt":"2021-06-08T09:38:05","slug":"june-2021","status":"publish","type":"post","link":"https:\/\/biodiversite-amazonienne.org\/index.php\/es\/2021\/06\/08\/june-2021\/","title":{"rendered":"Junio 2021"},"content":{"rendered":"\n<p><strong>Lotty Morey con el embajador de Francia en Per\u00fa y el ministro peruano de Medio Ambiente<\/strong><\/p>\n\n\n\n<div class=\"wp-block-image\"><figure class=\"alignright\"><img loading=\"lazy\" width=\"300\" height=\"300\" src=\"http:\/\/biodiversite-amazonienne.org\/wp-content\/uploads\/2021\/06\/Post-cuadrado-1-300x300.jpg\" alt=\"\" class=\"wp-image-1198\" srcset=\"https:\/\/biodiversite-amazonienne.org\/wp-content\/uploads\/2021\/06\/Post-cuadrado-1-300x300.jpg 300w, https:\/\/biodiversite-amazonienne.org\/wp-content\/uploads\/2021\/06\/Post-cuadrado-1-1024x1024.jpg 1024w, https:\/\/biodiversite-amazonienne.org\/wp-content\/uploads\/2021\/06\/Post-cuadrado-1-150x150.jpg 150w, https:\/\/biodiversite-amazonienne.org\/wp-content\/uploads\/2021\/06\/Post-cuadrado-1-768x768.jpg 768w, https:\/\/biodiversite-amazonienne.org\/wp-content\/uploads\/2021\/06\/Post-cuadrado-1-100x100.jpg 100w, https:\/\/biodiversite-amazonienne.org\/wp-content\/uploads\/2021\/06\/Post-cuadrado-1.jpg 1200w\" sizes=\"(max-width: 300px) 100vw, 300px\" \/><\/figure><\/div>\n\n\n\n<p>El 4 de junio, Lotty Morey, Presidenta de Biodiversidad Amaz\u00f3nica, intervino en una conferencia sobre la contribuci\u00f3n de Francia a la protecci\u00f3n de la Amazonia. Junto con el embajador de Francia en Per\u00fa y el ministro peruano de Medio Ambiente, el presidente de la asociaci\u00f3n record\u00f3 las misiones de la misma y su importancia en la protecci\u00f3n de la Amazonia y el apoyo a las comunidades locales.<\/p>\n\n\n\n<p>Destac\u00f3 las tres principales \u00e1reas de trabajo de Biodiversidad Amaz\u00f3nica: conservaci\u00f3n, investigaci\u00f3n cient\u00edfica y desarrollo de alternativas econ\u00f3micas. Esta intervenci\u00f3n deber\u00eda permitir a la asociaci\u00f3n identificarse con los principales actores del sector de la protecci\u00f3n del medio ambiente y desarrollar nuevos proyectos y colaboraciones.<\/p>\n\n\n\n<p><a href=\"https:\/\/www.facebook.com\/lafranceauperou\/videos\/2266282770172626\">Vuelva a ver la conferencia<\/a><\/p>\n\n\n\n<figure class=\"wp-block-gallery columns-0 is-cropped\"><ul class=\"blocks-gallery-grid\"><\/ul><\/figure>\n","protected":false},"excerpt":{"rendered":"<p>Lotty Morey con el embajador de Francia en Per\u00fa y el ministro peruano de Medio Ambiente El 4 de junio, Lotty Morey, Presidenta de Biodiversidad Amaz\u00f3nica, intervino en una conferencia sobre la contribuci\u00f3n de Francia a la protecci\u00f3n de la Amazonia. Junto con el embajador de Francia en Per\u00fa y el ministro peruano de Medio &hellip; <\/p>\n<p class=\"link-more\"><a href=\"https:\/\/biodiversite-amazonienne.org\/index.php\/es\/2021\/06\/08\/june-2021\/\" class=\"more-link\">Continuer la lecture<span class=\"screen-reader-text\"> de &laquo;&nbsp;Junio 2021&nbsp;&raquo;<\/span><\/a><\/p>\n","protected":false},"author":1,"featured_media":0,"comment_status":"open","ping_status":"open","sticky":false,"template":"","format":"gallery","meta":[],"categories":[21],"tags":[],"_links":{"self":[{"href":"https:\/\/biodiversite-amazonienne.org\/index.php\/wp-json\/wp\/v2\/posts\/1201"}],"collection":[{"href":"https:\/\/biodiversite-amazonienne.org\/index.php\/wp-json\/wp\/v2\/posts"}],"about":[{"href":"https:\/\/biodiversite-amazonienne.org\/index.php\/wp-json\/wp\/v2\/types\/post"}],"author":[{"embeddable":true,"href":"https:\/\/biodiversite-amazonienne.org\/index.php\/wp-json\/wp\/v2\/users\/1"}],"replies":[{"embeddable":true,"href":"https:\/\/biodiversite-amazonienne.org\/index.php\/wp-json\/wp\/v2\/comments?post=1201"}],"version-history":[{"count":2,"href":"https:\/\/biodiversite-amazonienne.org\/index.php\/wp-json\/wp\/v2\/posts\/1201\/revisions"}],"predecessor-version":[{"id":1203,"href":"https:\/\/biodiversite-amazonienne.org\/index.php\/wp-json\/wp\/v2\/posts\/1201\/revisions\/1203"}],"wp:attachment":[{"href":"https:\/\/biodiversite-amazonienne.org\/index.php\/wp-json\/wp\/v2\/media?parent=1201"}],"wp:term":[{"taxonomy":"category","embeddable":true,"href":"https:\/\/biodiversite-amazonienne.org\/index.php\/wp-json\/wp\/v2\/categories?post=1201"},{"taxonomy":"post_tag","embeddable":true,"href":"https:\/\/biodiversite-amazonienne.org\/index.php\/wp-json\/wp\/v2\/tags?post=1201"}],"curies":[{"name":"wp","href":"https:\/\/api.w.org\/{rel}","templated":true}]}}