{"id":2821,"date":"2026-08-31T01:12:28","date_gmt":"2026-08-30T23:12:28","guid":{"rendered":"https:\/\/biodiversite-amazonienne.org\/?p=2821"},"modified":"2026-09-01T01:46:28","modified_gmt":"2026-08-31T23:46:28","slug":"premiere-cartographie-des-especes-dabeilles-natives-sans-dard-a-yanayacu-maquia","status":"publish","type":"post","link":"https:\/\/biodiversite-amazonienne.org\/index.php\/2026\/08\/31\/premiere-cartographie-des-especes-dabeilles-natives-sans-dard-a-yanayacu-maquia\/","title":{"rendered":"PREMI\u00c8RE CARTOGRAPHIE DES ESP\u00c8CES D&rsquo;ABEILLES NATIVES SANS DARD \u00c0 YANAYACU \u2013 MAQU\u00cdA"},"content":{"rendered":"\n<p>Les abeilles sont de v\u00e9ritables gardiennes de la biodiversit\u00e9. Leur r\u00f4le de pollinisatrices est fondamental pour le maintien des \u00e9cosyst\u00e8mes et constitue un \u00e9l\u00e9ment cl\u00e9 de la s\u00e9curit\u00e9 alimentaire humaine. Consciente de leur importance, une \u00e9quipe compos\u00e9e de chercheurs d&rsquo;Amazon Research International et de gardiens forestiers de la Concession de conservation de Yanayacu-Maqu\u00eda (CCYM) est entr\u00e9e dans la zone pour r\u00e9aliser une premi\u00e8re \u00e9tude de r\u00e9f\u00e9rence sur les abeilles indig\u00e8nes sans dard.<\/p>\n\n\n\n<p>Cette initiative repr\u00e9sente un premier pas vers la compr\u00e9hension, la valorisation et la diffusion de l&rsquo;extraordinaire richesse de ce groupe d&rsquo;animaux et vers la compr\u00e9hension des importants bienfaits \u00e9cosyst\u00e9miques qu&rsquo;ils apportent au maintien des for\u00eats qui s&rsquo;\u00e9tendent le long de la rivi\u00e8re Yanayacu.<\/p>\n\n\n\n<figure class=\"wp-block-gallery columns-1 is-cropped\"><ul class=\"blocks-gallery-grid\"><li class=\"blocks-gallery-item\"><figure><img loading=\"lazy\" width=\"600\" height=\"330\" src=\"https:\/\/biodiversite-amazonienne.org\/wp-content\/uploads\/2026\/09\/TRABAJO-DE-CAMPO-ABEJA-1-600x330.png\" alt=\"\" data-id=\"2825\" data-full-url=\"https:\/\/biodiversite-amazonienne.org\/wp-content\/uploads\/2026\/09\/TRABAJO-DE-CAMPO-ABEJA-1.png\" data-link=\"https:\/\/biodiversite-amazonienne.org\/?attachment_id=2825\" class=\"wp-image-2825\" srcset=\"https:\/\/biodiversite-amazonienne.org\/wp-content\/uploads\/2026\/09\/TRABAJO-DE-CAMPO-ABEJA-1-600x330.png 600w, https:\/\/biodiversite-amazonienne.org\/wp-content\/uploads\/2026\/09\/TRABAJO-DE-CAMPO-ABEJA-1-200x110.png 200w, https:\/\/biodiversite-amazonienne.org\/wp-content\/uploads\/2026\/09\/TRABAJO-DE-CAMPO-ABEJA-1.png 701w\" sizes=\"(max-width: 600px) 100vw, 600px\" \/><\/figure><\/li><\/ul><\/figure>\n\n\n\n<p>Les premiers r\u00e9sultats confirment la grande biodiversit\u00e9 pr\u00e9sente dans le CCYM. Au total, 27 nids ont \u00e9t\u00e9 g\u00e9or\u00e9f\u00e9renc\u00e9s, dont 73 % n&rsquo;ont pas encore \u00e9t\u00e9 identifi\u00e9s avec pr\u00e9cision. Ces nids ont \u00e9t\u00e9 trouv\u00e9s dans 19 esp\u00e8ces diff\u00e9rentes d&rsquo;arbres et de palmiers, dont certaines sont fortement menac\u00e9es par l&rsquo;exploitation foresti\u00e8re ill\u00e9gale.<\/p>\n\n\n\n<figure class=\"wp-block-gallery columns-1 is-cropped\"><ul class=\"blocks-gallery-grid\"><li class=\"blocks-gallery-item\"><figure><img loading=\"lazy\" width=\"600\" height=\"338\" src=\"https:\/\/biodiversite-amazonienne.org\/wp-content\/uploads\/2026\/09\/Remise-du-materiel-de-cartographie-aux-gardes-forestiers-600x338.png\" alt=\"\" data-id=\"2826\" data-link=\"https:\/\/biodiversite-amazonienne.org\/?attachment_id=2826\" class=\"wp-image-2826\" srcset=\"https:\/\/biodiversite-amazonienne.org\/wp-content\/uploads\/2026\/09\/Remise-du-materiel-de-cartographie-aux-gardes-forestiers-600x338.png 600w, https:\/\/biodiversite-amazonienne.org\/wp-content\/uploads\/2026\/09\/Remise-du-materiel-de-cartographie-aux-gardes-forestiers-200x113.png 200w, https:\/\/biodiversite-amazonienne.org\/wp-content\/uploads\/2026\/09\/Remise-du-materiel-de-cartographie-aux-gardes-forestiers.png 685w\" sizes=\"(max-width: 600px) 100vw, 600px\" \/><\/figure><\/li><\/ul><\/figure>\n\n\n\n<p>Au fil des ans, le CCYM a suscit\u00e9 l&rsquo;int\u00e9r\u00eat de diverses organisations et de chercheurs d\u00e9sireux d&rsquo;explorer, de comprendre et de contribuer \u00e0 la conservation de son extraordinaire biodiversit\u00e9. Cette fois-ci, l&rsquo;attention s&rsquo;est port\u00e9e sur les abeilles indig\u00e8nes sans dard&nbsp;: un groupe d&rsquo;animaux envers lesquels nous avons une dette bien plus grande que nous ne l&rsquo;imaginons, et dont l&rsquo;importance demeure largement m\u00e9connue du grand public.<\/p>\n\n\n\n<p>Prot\u00e9ger les abeilles, c&rsquo;est prot\u00e9ger les for\u00eats, la biodiversit\u00e9 et, en fin de compte, notre propre existence. Car nous oublions souvent que notre vie en d\u00e9pend aussi.<\/p>\n\n\n\n<iframe src=\"https:\/\/www.biodiversite-amazonienne.org\/wp-content\/CCYM: bees_mapping\/index.html\" style=\"width:900px; height:400px; border: 4px double green;\"><\/iframe>\n<a href=\"https:\/\/biodiversite-amazonienne.org\/wp-content\/CCYM: bees_mapping\/index.html\" target=\"_blank\" rel=\"noopener\" style=\"color:  #6E8B3D; font-weight: bold;\"> Vue plein \u00e9cran<\/a>\n","protected":false},"excerpt":{"rendered":"<p>Les abeilles sont de v\u00e9ritables gardiennes de la biodiversit\u00e9. Leur r\u00f4le de pollinisatrices est fondamental pour le maintien des \u00e9cosyst\u00e8mes et constitue un \u00e9l\u00e9ment cl\u00e9 de la s\u00e9curit\u00e9 alimentaire humaine. Consciente de leur importance, une \u00e9quipe compos\u00e9e de chercheurs d&rsquo;Amazon Research International et de gardiens forestiers de la Concession de conservation de Yanayacu-Maqu\u00eda (CCYM) est &hellip; <\/p>\n<p class=\"link-more\"><a href=\"https:\/\/biodiversite-amazonienne.org\/index.php\/2026\/08\/31\/premiere-cartographie-des-especes-dabeilles-natives-sans-dard-a-yanayacu-maquia\/\" class=\"more-link\">Continuer la lecture<span class=\"screen-reader-text\"> de &laquo;&nbsp;PREMI\u00c8RE CARTOGRAPHIE DES ESP\u00c8CES D&rsquo;ABEILLES NATIVES SANS DARD \u00c0 YANAYACU \u2013 MAQU\u00cdA&nbsp;&raquo;<\/span><\/a><\/p>\n","protected":false},"author":1,"featured_media":0,"comment_status":"open","ping_status":"closed","sticky":false,"template":"","format":"gallery","meta":[],"categories":[5],"tags":[],"_links":{"self":[{"href":"https:\/\/biodiversite-amazonienne.org\/index.php\/wp-json\/wp\/v2\/posts\/2821"}],"collection":[{"href":"https:\/\/biodiversite-amazonienne.org\/index.php\/wp-json\/wp\/v2\/posts"}],"about":[{"href":"https:\/\/biodiversite-amazonienne.org\/index.php\/wp-json\/wp\/v2\/types\/post"}],"author":[{"embeddable":true,"href":"https:\/\/biodiversite-amazonienne.org\/index.php\/wp-json\/wp\/v2\/users\/1"}],"replies":[{"embeddable":true,"href":"https:\/\/biodiversite-amazonienne.org\/index.php\/wp-json\/wp\/v2\/comments?post=2821"}],"version-history":[{"count":7,"href":"https:\/\/biodiversite-amazonienne.org\/index.php\/wp-json\/wp\/v2\/posts\/2821\/revisions"}],"predecessor-version":[{"id":2832,"href":"https:\/\/biodiversite-amazonienne.org\/index.php\/wp-json\/wp\/v2\/posts\/2821\/revisions\/2832"}],"wp:attachment":[{"href":"https:\/\/biodiversite-amazonienne.org\/index.php\/wp-json\/wp\/v2\/media?parent=2821"}],"wp:term":[{"taxonomy":"category","embeddable":true,"href":"https:\/\/biodiversite-amazonienne.org\/index.php\/wp-json\/wp\/v2\/categories?post=2821"},{"taxonomy":"post_tag","embeddable":true,"href":"https:\/\/biodiversite-amazonienne.org\/index.php\/wp-json\/wp\/v2\/tags?post=2821"}],"curies":[{"name":"wp","href":"https:\/\/api.w.org\/{rel}","templated":true}]}}